{"id":1112,"date":"2022-05-15T11:36:24","date_gmt":"2022-05-15T14:36:24","guid":{"rendered":"https:\/\/infourbana.com\/?p=1112"},"modified":"2022-05-15T11:36:24","modified_gmt":"2022-05-15T14:36:24","slug":"milei-anuncio-que-si-resulta-electo-presidente-eliminara-el-ministerio-de-la-mujer","status":"publish","type":"post","link":"https:\/\/www.periodicodigitaltuc.com\/index.php\/2022\/05\/15\/milei-anuncio-que-si-resulta-electo-presidente-eliminara-el-ministerio-de-la-mujer\/","title":{"rendered":"Milei anunci\u00f3 que si resulta electo presidente, eliminar\u00e1 el Ministerio de la Mujer"},"content":{"rendered":"\n<figure class=\"wp-block-image size-full\"><img decoding=\"async\" src=\"https:\/\/infourbana.com\/wp-content\/uploads\/2022\/05\/ARCHI_919993.jpg\" alt=\"\" class=\"wp-image-1114\"\/><\/figure>\n\n\n\n<p>El diputado Javier Milei&nbsp;<strong>present\u00f3&nbsp;este s\u00e1bado su libro \u00abEl camino del libertario\u00bb<\/strong>. El evento, al que asistieron cientos de seguidores que gritaron y cantaron desde su llegada al predio de La Rural, fue conducido&nbsp;por&nbsp;<strong>Viviana Canosa<\/strong>.<\/p>\n\n\n\n<p>Durante la entrevista, que comenz\u00f3 cerca de las 21,&nbsp;el diputado adelant\u00f3 que si es presidente&nbsp;<strong>eliminar\u00e1 el Ministerio de las Mujeres, G\u00e9nero y Diversidad<\/strong>.<\/p>\n\n\n\n<p><strong>\u00abNo voy a pedir perd\u00f3n por tener pene\u00bb<\/strong>, afirm\u00f3. Y agreg\u00f3: \u00abNo tengo por qu\u00e9 sentir verg\u00fcenza de ser un hombre blanco, rubio y de ojos celestes. No le voy a conceder nada al marxismo cultural. Con esto saben que\u00a0<strong>el Ministerio de la Mujer pista, porque la \u00fanica igualdad es ante la ley<\/strong>\u00ab.<\/p>\n\n\n\n<p>\u00abLas mujeres no somos v\u00edctimas.&nbsp;<strong>Yo no me siento menos que un var\u00f3n, de ninguna manera<\/strong>\u00ab, complet\u00f3 Canosa, quien se despach\u00f3 con una larga lista de halagos para el economista, a quien defini\u00f3 como un gran amigo. Aunque en alg\u00fan momento se anim\u00f3 a bromear con algo m\u00e1s:&nbsp;<strong>\u00abNo cuentes lo nuestro\u00bb<\/strong>, dijo, entre risas.<\/p>\n\n\n\n<p>Verborr\u00e1gico, Milei destac\u00f3&nbsp;<strong>el rol que cumple su herman<\/strong>a -a quien&nbsp;<strong>compar\u00f3 con Mois\u00e9s y llama \u00abEl Jefe\u00bb<\/strong>&#8211; y se emocion\u00f3 al recordar que estuvo con \u00e9l en todo momento. Tambi\u00e9n afirm\u00f3 que su crecimiento pol\u00edtico est\u00e1 respaldado en la juventud y denunci\u00f3 que le \u00abvoltearon\u00bb un acto en La Matanza.<\/p>\n\n\n\n<p>Incluso habl\u00f3 con admiraci\u00f3n de Mauro Viale. \u00abUn d\u00eda me dijo. Vos mir\u00e1 todo esto como un round de box. Ten\u00e9s tres minutos para meter toda la idea y en el primer minuto ten\u00e9s que meter la pi\u00f1a de knockout\u00bb, record\u00f3.<\/p>\n\n\n\n<figure class=\"wp-block-image size-full is-resized\"><img fetchpriority=\"high\" decoding=\"async\" src=\"https:\/\/infourbana.com\/wp-content\/uploads\/2022\/05\/Screenshot_2.png\" alt=\"\" class=\"wp-image-1115\" width=\"747\" height=\"541\"\/><\/figure>\n\n\n\n<p>Hubo algunos&nbsp;<strong>abucheos para Alberto Fern\u00e1ndez&nbsp;<\/strong>cuando Canosa record\u00f3 la irrupci\u00f3n de Milei durante la pandemia (o&nbsp;<strong>\u00abplandemia\u00bb<\/strong>, como lo denomin\u00f3 la conductora de TV). Y aplausos para el riojano Mart\u00edn Menem, al que el diputado defini\u00f3 como&nbsp;<strong>\u00abel sobrino del mejor presidente de la historia\u00bb<\/strong>.<\/p>\n\n\n\n<p>Segundos despu\u00e9s hubo<strong>&nbsp;cantitos de cancha<\/strong>&nbsp;-con el cierre de \u00abcomunismo o libertad\u00bb-, arengados por Canosa. Y chicanas para&nbsp;<strong>Gerardo Morales<\/strong>. \u00abEs el que me censur\u00f3 el Jujuy\u00bb, denunci\u00f3 Milei, quien tambi\u00e9n asegur\u00f3 que en su acto realizado en&nbsp;<strong>Mendoza reuni\u00f3 a m\u00e1s de 15 mil personas<\/strong>.<\/p>\n\n\n\n<p>Sobre las pr\u00f3ximas elecciones, el diputado asegur\u00f3 que est\u00e1 armando una estructura a nivel nacional para que no le \u00abroben\u00bb los votos. Y vaticin\u00f3:\u00a0<strong>\u00abSi entramos en la segunda vuelta, ustedes van a decir en la conferencia del futuro presidente de la Argentina\u00bb<\/strong>.<\/p>\n\n\n\n<p>Milei denunci\u00f3 operaciones y habl\u00f3 sobre la repercusi\u00f3n que tuvo la foto que lo mostraba con un chaleco antibalas durante un acto. \u00abYo ped\u00ed el m\u00edo pero no tengo nada\u00bb, se r\u00edo Canosa. \u00abHay que ver si pod\u00e9s entrar sin chaleco a La Matanza\u00bb, respondi\u00f3 el economista.&nbsp;<strong>\u00abA mi la gente me cuida\u00bb<\/strong>, asegur\u00f3 la conducta.&nbsp;<strong>\u00abYo me siento Mick Jagger\u00bb<\/strong>, cerr\u00f3 el diputado.<\/p>\n\n\n\n<p>En otro pasaje de la entrevista Milei asegur\u00f3 que fue v\u00edctima de m\u00faltiples amenazas y cont\u00f3 una situaci\u00f3n puntual en la que, seg\u00fan precis\u00f3, le dijeron que&nbsp;<strong>si no aceptaba una valija con dinero le iban a \u00abromper toda la vida\u00bb<\/strong>.<\/p>\n\n\n\n<p>\u00abEn un momento a la gente que trabaja conmigo nos vinieron a amenazar, que\u00a0<strong>si no acept\u00e1bamos la valijota me iban a romper toda mi vida<\/strong>. Tienen 25 personas que est\u00e1n todo el d\u00eda trabajando para hacer todas estas maldades. Se metieron hasta con mi historia cl\u00ednica\u00bb, dijo.<\/p>\n\n\n\n<p>En el cierre, mientras contaba cu\u00e1ndo se acerc\u00f3 a las ideas libertarias, tuvo espacio para la chicana futbolera. \u00abLa batalla cultural es important\u00edsima pero&nbsp;<strong>no hay que descuidar la batalla pol\u00edtica<\/strong>. Ser\u00e1 muy linda la hinchada de Boca, que&nbsp;<strong>hoy elimin\u00f3 a Racing, el equipo de ese se\u00f1or&nbsp;<\/strong>(en referencia a M\u00e1ximo Kirchner). Pero me di cuenta que cuando yo iba a la cancha, los goles los hac\u00eda Palermo o Messi. Te ten\u00e9s que poner los cortos, los botines y salir a patear, porque si no&nbsp;<strong>los pol\u00edticos de porquer\u00eda, ladrones, se los van a llevar puesto<\/strong>\u00ab, asegur\u00f3.<\/p>\n\n\n\n<p>Y concluy\u00f3, entre aplausos: \u00abSi no nos hubi\u00e9ramos metidos, jam\u00e1s estas basuras hubieran cambiado el mensaje. En cada una de nuestras acciones damos testimonio de la defensa de la idea de la libertad y eso es lo que est\u00e1 haciendo que&nbsp;<strong>la casta tenga miedo<\/strong>\u00ab.<\/p>\n\n\n\n<p>Tras abrazarse con Canosa, quien pidi\u00f3 que el p\u00fablico cante, dijo que deb\u00eda quedarse en la Feria para firmar 250 libros.<\/p>\n","protected":false},"excerpt":{"rendered":"<p>El diputado Javier Milei&nbsp;present\u00f3&nbsp;este s\u00e1bado su libro \u00abEl camino del libertario\u00bb. El evento, al que asistieron cientos de seguidores que gritaron y cantaron desde su llegada al predio de La Rural, fue conducido&nbsp;por&nbsp;Viviana Canosa. Durante la entrevista, que comenz\u00f3 cerca de las 21,&nbsp;el diputado adelant\u00f3 que si es presidente&nbsp;eliminar\u00e1 el Ministerio de las Mujeres, G\u00e9nero<\/p>\n","protected":false},"author":2,"featured_media":1115,"comment_status":"open","ping_status":"open","sticky":false,"template":"","format":"standard","meta":{"om_disable_all_campaigns":false,"_monsterinsights_skip_tracking":false,"_monsterinsights_sitenote_active":false,"_monsterinsights_sitenote_note":"","_monsterinsights_sitenote_category":0,"footnotes":""},"categories":[8],"tags":[177,178],"class_list":["post-1112","post","type-post","status-publish","format-standard","has-post-thumbnail","hentry","category-politica","tag-milei","tag-viviana-canosa"],"_links":{"self":[{"href":"https:\/\/www.periodicodigitaltuc.com\/index.php\/wp-json\/wp\/v2\/posts\/1112","targetHints":{"allow":["GET"]}}],"collection":[{"href":"https:\/\/www.periodicodigitaltuc.com\/index.php\/wp-json\/wp\/v2\/posts"}],"about":[{"href":"https:\/\/www.periodicodigitaltuc.com\/index.php\/wp-json\/wp\/v2\/types\/post"}],"author":[{"embeddable":true,"href":"https:\/\/www.periodicodigitaltuc.com\/index.php\/wp-json\/wp\/v2\/users\/2"}],"replies":[{"embeddable":true,"href":"https:\/\/www.periodicodigitaltuc.com\/index.php\/wp-json\/wp\/v2\/comments?post=1112"}],"version-history":[{"count":0,"href":"https:\/\/www.periodicodigitaltuc.com\/index.php\/wp-json\/wp\/v2\/posts\/1112\/revisions"}],"wp:featuredmedia":[{"embeddable":true,"href":"https:\/\/www.periodicodigitaltuc.com\/index.php\/wp-json\/"}],"wp:attachment":[{"href":"https:\/\/www.periodicodigitaltuc.com\/index.php\/wp-json\/wp\/v2\/media?parent=1112"}],"wp:term":[{"taxonomy":"category","embeddable":true,"href":"https:\/\/www.periodicodigitaltuc.com\/index.php\/wp-json\/wp\/v2\/categories?post=1112"},{"taxonomy":"post_tag","embeddable":true,"href":"https:\/\/www.periodicodigitaltuc.com\/index.php\/wp-json\/wp\/v2\/tags?post=1112"}],"curies":[{"name":"wp","href":"https:\/\/api.w.org\/{rel}","templated":true}]}}