{"id":1350,"date":"2022-05-18T21:57:19","date_gmt":"2022-05-19T00:57:19","guid":{"rendered":"https:\/\/infourbana.com\/?p=1350"},"modified":"2022-05-18T21:57:19","modified_gmt":"2022-05-19T00:57:19","slug":"fallecio-el-taxista-que-atropello-accidentalmente-a-las-turistas-francesas-en-palermo","status":"publish","type":"post","link":"https:\/\/www.periodicodigitaltuc.com\/index.php\/2022\/05\/18\/fallecio-el-taxista-que-atropello-accidentalmente-a-las-turistas-francesas-en-palermo\/","title":{"rendered":"Falleci\u00f3 el taxista que atropell\u00f3 accidentalmente a las turistas francesas en Palermo"},"content":{"rendered":"\n<p><\/p>\n\n\n\n<figure class=\"wp-block-image size-full\"><img decoding=\"async\" src=\"https:\/\/infourbana.com\/wp-content\/uploads\/2022\/05\/taxistaaa.jpg\" alt=\"\" class=\"wp-image-1351\"\/><\/figure>\n\n\n\n<p>El&nbsp;taxista&nbsp;que hab\u00eda atropellado a&nbsp;tres turistas francesas en Palermo&nbsp;y hab\u00eda terminado con la&nbsp;muerte de una&nbsp;de ellas,&nbsp;falleci\u00f3 en la noche del martes&nbsp;por un nuevo episodio similar al que hab\u00eda tenido al momento del accidente. Estaba internado desde entonces y su salud nunca pudo mejorar.<br><br>Se trataba de Jos\u00e9 Rogelio Parrondo que ten\u00eda pron\u00f3stico reservado desde entonces. Es jubilado ya que su edad lo permite, pero hab\u00eda decidido seguir trabajando para poder llevar m\u00e1s dinero a la vivienda.&nbsp;Manejaba un Volkswagen Voyage y en el accidente embisti\u00f3 a cinco personas.<br><br>El hombre ten\u00eda 74, era jubilado y estaba internado en el Hospital Rivadavia en coma porque su situaci\u00f3n se complic\u00f3 por el Accidente Cerebro Vascular (ACV) que tuvo. En ese tr\u00e1gico episodio muri\u00f3 Lwana Bichet, una francesa que hab\u00eda sufrido un hematoma subdural, producto de una fractura del cr\u00e1neo.<br><br>Estaba en la Ciudad por un intercambio en la Universidad de San Andr\u00e9s. Sus otras dos amigas, tambi\u00e9n turistas, est\u00e1n fuera de peligro y ya salieron del hospital. Por su parte, el \u00fanico internado era el involucrado y estaba siendo investigado por lo sucedido. Su situaci\u00f3n no mejoraba y concluy\u00f3 con la p\u00e9rdida de la vida.<\/p>\n","protected":false},"excerpt":{"rendered":"<p>El&nbsp;taxista&nbsp;que hab\u00eda atropellado a&nbsp;tres turistas francesas en Palermo&nbsp;y hab\u00eda terminado con la&nbsp;muerte de una&nbsp;de ellas,&nbsp;falleci\u00f3 en la noche del martes&nbsp;por un nuevo episodio similar al que hab\u00eda tenido al momento del accidente. Estaba internado desde entonces y su salud nunca pudo mejorar. Se trataba de Jos\u00e9 Rogelio Parrondo que ten\u00eda pron\u00f3stico reservado desde entonces. Es<\/p>\n","protected":false},"author":2,"featured_media":1351,"comment_status":"open","ping_status":"open","sticky":false,"template":"","format":"standard","meta":{"om_disable_all_campaigns":false,"_monsterinsights_skip_tracking":false,"_monsterinsights_sitenote_active":false,"_monsterinsights_sitenote_note":"","_monsterinsights_sitenote_category":0,"footnotes":""},"categories":[3],"tags":[202,203,204],"class_list":["post-1350","post","type-post","status-publish","format-standard","has-post-thumbnail","hentry","category-policiales","tag-francesas","tag-palermo","tag-taxista"],"_links":{"self":[{"href":"https:\/\/www.periodicodigitaltuc.com\/index.php\/wp-json\/wp\/v2\/posts\/1350","targetHints":{"allow":["GET"]}}],"collection":[{"href":"https:\/\/www.periodicodigitaltuc.com\/index.php\/wp-json\/wp\/v2\/posts"}],"about":[{"href":"https:\/\/www.periodicodigitaltuc.com\/index.php\/wp-json\/wp\/v2\/types\/post"}],"author":[{"embeddable":true,"href":"https:\/\/www.periodicodigitaltuc.com\/index.php\/wp-json\/wp\/v2\/users\/2"}],"replies":[{"embeddable":true,"href":"https:\/\/www.periodicodigitaltuc.com\/index.php\/wp-json\/wp\/v2\/comments?post=1350"}],"version-history":[{"count":0,"href":"https:\/\/www.periodicodigitaltuc.com\/index.php\/wp-json\/wp\/v2\/posts\/1350\/revisions"}],"wp:featuredmedia":[{"embeddable":true,"href":"https:\/\/www.periodicodigitaltuc.com\/index.php\/wp-json\/"}],"wp:attachment":[{"href":"https:\/\/www.periodicodigitaltuc.com\/index.php\/wp-json\/wp\/v2\/media?parent=1350"}],"wp:term":[{"taxonomy":"category","embeddable":true,"href":"https:\/\/www.periodicodigitaltuc.com\/index.php\/wp-json\/wp\/v2\/categories?post=1350"},{"taxonomy":"post_tag","embeddable":true,"href":"https:\/\/www.periodicodigitaltuc.com\/index.php\/wp-json\/wp\/v2\/tags?post=1350"}],"curies":[{"name":"wp","href":"https:\/\/api.w.org\/{rel}","templated":true}]}}