{"id":1483,"date":"2022-05-21T17:39:32","date_gmt":"2022-05-21T20:39:32","guid":{"rendered":"https:\/\/infourbana.com\/?p=1483"},"modified":"2022-05-21T17:39:32","modified_gmt":"2022-05-21T20:39:32","slug":"santiago-taboada-el-desafio-es-recuperar-la-mistica-naranja","status":"publish","type":"post","link":"https:\/\/www.periodicodigitaltuc.com\/index.php\/2022\/05\/21\/santiago-taboada-el-desafio-es-recuperar-la-mistica-naranja\/","title":{"rendered":"Santiago Taboada: \u00abEl desaf\u00edo es recuperar la m\u00edstica Naranja\u00bb"},"content":{"rendered":"\n<figure class=\"wp-block-image size-full\"><img decoding=\"async\" src=\"https:\/\/infourbana.com\/wp-content\/uploads\/2022\/05\/Tucuman.png\" alt=\"\" class=\"wp-image-1484\"\/><\/figure>\n\n\n\n<h4 class=\"wp-block-heading\">El presidente de la Uni\u00f3n de Rugby de Tucum\u00e1n anunci\u00f3 el regreso del seleccionado tucumano a las canchas. Cuando, donde jugar\u00e1 y una invitaci\u00f3n internacional para fin de a\u00f1o.<\/h4>\n\n\n\n<p>El jueves por la noche, se reuni\u00f3 parte del actual Consejo Directivo. Su presidente,\u00a0<strong>Santiago Taboada<\/strong>; el\u00a0<strong>vicepresidente, Mart\u00edn Alvez<\/strong>, el\u00a0<strong>secretario Mart\u00edn Lazarte<\/strong>\u00a0y el vocal\u00a0<strong>Federico Caillou<\/strong>.<\/p>\n\n\n\n<p>En una reuni\u00f3n amena, se trataron diversos temas pero,\u00a0<strong>el m\u00e1s importante<\/strong>, era\u00a0<strong>el anuncio del regreso del seleccionado tucumano\u00a0<\/strong>a las canchas en\u00a0<strong>un amistoso\u00a0<\/strong>con\u00a0<strong>Salta, el 18 de junio\u00a0<\/strong>en el\u00a0<strong>Jockey Club<\/strong>.<\/p>\n\n\n\n<p>Taboada dijo que \u00abtodo surge a ra\u00edz de una<strong>&nbsp;reuni\u00f3n que mantuvimos con los dirigentes salte\u00f1os&nbsp;<\/strong>y la necesidad de&nbsp;<strong>darle rodaje a nuestro seleccionado mayor<\/strong>. Ahora est\u00e1n<strong>&nbsp;los seleccionados femenino y masculino de Seven en Paraguay<\/strong>&nbsp;pero nosotros queremos darle continuidad al de quince. Primero se pens\u00f3 que&nbsp;<strong>podr\u00edamos jugar como preliminar del partido Los Pumas \u2013 Escocia, el 9 de Julio<\/strong>, pero tendr\u00edamos al&nbsp;<strong>Regional del NOA en su etapa definitoria&nbsp;<\/strong>por lo que acordamos hacerlo el 18 de junio,&nbsp;<strong>conmemorando el aniversario de Mart\u00edn de G\u00fcemes<\/strong>\u00ab.<\/p>\n\n\n\n<p>Resuelto el tema de la fecha, quedaba\u00a0<strong>elegir al o los entrenadores<\/strong>. En ese aspecto, Lazarte se\u00f1al\u00f3 que a\u00a0<strong>la Comisi\u00f3n de Juego y Competencia<\/strong>\u00a0se le pidi\u00f3 un perfil determinado. \u00abQueremos que\u00a0<strong>sean personas que tuvieran vestuario Naranja<\/strong>, que\u00a0<strong>puedan transmitir lo que se siente jugar con la Naranja<\/strong>, esa\u00a0<strong>identidad\u00a0<\/strong>muy propia de nuestro juego\u00bb, dijo.\u00abSol y luna, sol y luna, La Naranja es la nueva camiseta de Los Pumas\u2026\u00bb<\/p>\n\n\n\n<p>\u00ab<strong>El desaf\u00edo\u00a0<\/strong>de los entrenadores ser\u00e1\u00a0<strong>recuperar la m\u00edstica Naranja<\/strong>\u00a0y\u00a0<strong>el de nosotros<\/strong>,\u00a0<strong>darles las herramientas y posibilidades para demostrarlo<\/strong>. Quiero dejar en claro algo:\u00a0<strong>desde que asumi\u00f3 Marcelo Corbal\u00e1n Costilla junto conmigo la presidencia y vice de la Uni\u00f3n<\/strong>,\u00a0<strong>todos los a\u00f1os solicitamos a la UAR el regreso del Campeonato Argentino de Mayores.\u00a0<\/strong>Todos los a\u00f1os. Y tuvimos eco en\u00a0<strong>otras uniones que quieren jugarlo<\/strong>. Por eso<strong>\u00a0con C\u00f3rdoba\u00a0<\/strong>comenzamos las charlas para\u00a0<strong>una competencia\u00a0<\/strong>que podr\u00eda dar\u00a0<strong>al finalizar nuestros campeonatos<\/strong>\u00a0pero\u00a0<strong>surgi\u00f3 la invitaci\u00f3n de Paraguay, para jugar un cuadrangular con Brasil, Los Dogos y nosotros<\/strong>. Eso ser\u00e1 para\u00a0<strong>mediados de noviembre<\/strong>\u00ab, dijo Taboada.<\/p>\n\n\n\n<p>Fuente: Rugby Tucumano<\/p>\n","protected":false},"excerpt":{"rendered":"<p>El presidente de la Uni\u00f3n de Rugby de Tucum\u00e1n anunci\u00f3 el regreso del seleccionado tucumano a las canchas. Cuando, donde jugar\u00e1 y una invitaci\u00f3n internacional para fin de a\u00f1o. El jueves por la noche, se reuni\u00f3 parte del actual Consejo Directivo. Su presidente,\u00a0Santiago Taboada; el\u00a0vicepresidente, Mart\u00edn Alvez, el\u00a0secretario Mart\u00edn Lazarte\u00a0y el vocal\u00a0Federico Caillou. En una<\/p>\n","protected":false},"author":3,"featured_media":1484,"comment_status":"open","ping_status":"open","sticky":false,"template":"","format":"standard","meta":{"om_disable_all_campaigns":false,"_monsterinsights_skip_tracking":false,"_monsterinsights_sitenote_active":false,"_monsterinsights_sitenote_note":"","_monsterinsights_sitenote_category":0,"footnotes":""},"categories":[4],"tags":[388,389,390],"class_list":["post-1483","post","type-post","status-publish","format-standard","has-post-thumbnail","hentry","category-deportes","tag-la-naranja","tag-rugby","tag-tucumano"],"_links":{"self":[{"href":"https:\/\/www.periodicodigitaltuc.com\/index.php\/wp-json\/wp\/v2\/posts\/1483","targetHints":{"allow":["GET"]}}],"collection":[{"href":"https:\/\/www.periodicodigitaltuc.com\/index.php\/wp-json\/wp\/v2\/posts"}],"about":[{"href":"https:\/\/www.periodicodigitaltuc.com\/index.php\/wp-json\/wp\/v2\/types\/post"}],"author":[{"embeddable":true,"href":"https:\/\/www.periodicodigitaltuc.com\/index.php\/wp-json\/wp\/v2\/users\/3"}],"replies":[{"embeddable":true,"href":"https:\/\/www.periodicodigitaltuc.com\/index.php\/wp-json\/wp\/v2\/comments?post=1483"}],"version-history":[{"count":0,"href":"https:\/\/www.periodicodigitaltuc.com\/index.php\/wp-json\/wp\/v2\/posts\/1483\/revisions"}],"wp:featuredmedia":[{"embeddable":true,"href":"https:\/\/www.periodicodigitaltuc.com\/index.php\/wp-json\/"}],"wp:attachment":[{"href":"https:\/\/www.periodicodigitaltuc.com\/index.php\/wp-json\/wp\/v2\/media?parent=1483"}],"wp:term":[{"taxonomy":"category","embeddable":true,"href":"https:\/\/www.periodicodigitaltuc.com\/index.php\/wp-json\/wp\/v2\/categories?post=1483"},{"taxonomy":"post_tag","embeddable":true,"href":"https:\/\/www.periodicodigitaltuc.com\/index.php\/wp-json\/wp\/v2\/tags?post=1483"}],"curies":[{"name":"wp","href":"https:\/\/api.w.org\/{rel}","templated":true}]}}