{"id":2205,"date":"2022-06-18T14:50:55","date_gmt":"2022-06-18T14:50:55","guid":{"rendered":"http:\/\/periodicodigitaltuc.com\/?p=2205"},"modified":"2022-06-18T14:50:55","modified_gmt":"2022-06-18T14:50:55","slug":"mujer-policia-muere-por-un-disparo-en-la-cabeza-la-victima-de-apellido-picone-de-29-anos-discutio-con-su-pareja-que-tambien-es-policia-y-trabaja-en-el-servicio-penitenciario-murio-en-el-hospital-padi","status":"publish","type":"post","link":"https:\/\/www.periodicodigitaltuc.com\/index.php\/2022\/06\/18\/mujer-policia-muere-por-un-disparo-en-la-cabeza-la-victima-de-apellido-picone-de-29-anos-discutio-con-su-pareja-que-tambien-es-policia-y-trabaja-en-el-servicio-penitenciario-murio-en-el-hospital-padi\/","title":{"rendered":"MUJER POLICIA MUERE POR UN DISPARO EN LA CABEZA La v\u00edctima de apellido Picone de 29 a\u00f1os discuti\u00f3 con su pareja que tambi\u00e9n es polic\u00eda y trabaja en el Servicio Penitenciario. Muri\u00f3 en el hospital Padilla. Ocurri\u00f3 en barrio Acceso Este en El Colmenar"},"content":{"rendered":"<p>from Peri\u00f3dico Digital Tucum\u00e1n https:\/\/ift.tt\/x4UnmZN<br \/>\nvia <a href=\"https:\/\/ifttt.com\/?ref=da&#038;site=wordpress\">IFTTT<\/a><\/p>\n","protected":false},"excerpt":{"rendered":"<p>from Peri\u00f3dico Digital Tucum\u00e1n https:\/\/ift.tt\/x4UnmZN via IFTTT<\/p>\n","protected":false},"author":2,"featured_media":0,"comment_status":"open","ping_status":"open","sticky":false,"template":"","format":"standard","meta":{"om_disable_all_campaigns":false,"_monsterinsights_skip_tracking":false,"_monsterinsights_sitenote_active":false,"_monsterinsights_sitenote_note":"","_monsterinsights_sitenote_category":0,"footnotes":""},"categories":[1],"tags":[],"class_list":["post-2205","post","type-post","status-publish","format-standard","hentry","category-sin-categoria"],"_links":{"self":[{"href":"https:\/\/www.periodicodigitaltuc.com\/index.php\/wp-json\/wp\/v2\/posts\/2205","targetHints":{"allow":["GET"]}}],"collection":[{"href":"https:\/\/www.periodicodigitaltuc.com\/index.php\/wp-json\/wp\/v2\/posts"}],"about":[{"href":"https:\/\/www.periodicodigitaltuc.com\/index.php\/wp-json\/wp\/v2\/types\/post"}],"author":[{"embeddable":true,"href":"https:\/\/www.periodicodigitaltuc.com\/index.php\/wp-json\/wp\/v2\/users\/2"}],"replies":[{"embeddable":true,"href":"https:\/\/www.periodicodigitaltuc.com\/index.php\/wp-json\/wp\/v2\/comments?post=2205"}],"version-history":[{"count":1,"href":"https:\/\/www.periodicodigitaltuc.com\/index.php\/wp-json\/wp\/v2\/posts\/2205\/revisions"}],"predecessor-version":[{"id":2206,"href":"https:\/\/www.periodicodigitaltuc.com\/index.php\/wp-json\/wp\/v2\/posts\/2205\/revisions\/2206"}],"wp:attachment":[{"href":"https:\/\/www.periodicodigitaltuc.com\/index.php\/wp-json\/wp\/v2\/media?parent=2205"}],"wp:term":[{"taxonomy":"category","embeddable":true,"href":"https:\/\/www.periodicodigitaltuc.com\/index.php\/wp-json\/wp\/v2\/categories?post=2205"},{"taxonomy":"post_tag","embeddable":true,"href":"https:\/\/www.periodicodigitaltuc.com\/index.php\/wp-json\/wp\/v2\/tags?post=2205"}],"curies":[{"name":"wp","href":"https:\/\/api.w.org\/{rel}","templated":true}]}}