{"id":3624,"date":"2023-10-11T18:43:18","date_gmt":"2023-10-11T18:43:18","guid":{"rendered":"https:\/\/periodicodigitaltuc.com\/?p=3624"},"modified":"2023-10-11T18:43:20","modified_gmt":"2023-10-11T18:43:20","slug":"vuelve-la-lluvia-a-tucuman","status":"publish","type":"post","link":"https:\/\/www.periodicodigitaltuc.com\/index.php\/2023\/10\/11\/vuelve-la-lluvia-a-tucuman\/","title":{"rendered":"\u00bfVUELVE LA LLUVIA A TUCUM\u00c1N?"},"content":{"rendered":"\n<p>Seg\u00fan el informe del Servicio Meteorol\u00f3gico Nacional, este mi\u00e9rcoles en Tucum\u00e1n se espera un d\u00eda mayormente nublado. Las temperaturas oscilar\u00e1n entre los 15 grados de m\u00ednima y los 27 grados de m\u00e1xima.<\/p>\n\n\n\n<p>Hacia media ma\u00f1ana el cielo ya se habr\u00e1 poblado de nubes, mientras que la temperatura promedio ser\u00eda de unos 24 \u00b0C. La m\u00e1xima, que podr\u00eda rondar los 25 \u00b0C y 27 \u00b0C, se alcanzar\u00e1 durante la siesta.<\/p>\n\n\n\n<p>De <a><\/a>acuerdo al pron\u00f3stico del tiempo, los vientos soplar\u00e1n desde el sur a una velocidad de entre 23 y 31 kil\u00f3metros por hora. Durante la ma\u00f1ana, el cielo estar\u00e1 mayormente nublado.<\/p>\n\n\n\n<p>Por la tarde, se esperan vientos del sudeste soplando a velocidades estimadas de 28 kil\u00f3metros por hora, con probabilidades de lluvias aisladas. Mientras que, a la noche, la temperatura descender\u00e1 a los 15 grados.<\/p>\n\n\n\n<p>Estas condiciones clim\u00e1ticas marcar\u00e1n la jornada de ma\u00f1ana, que comenzar\u00e1 con el cielo nublado y, lentamente, se ir\u00e1 despejando con el correr de las horas. La m\u00ednima ser\u00eda de 14 \u00b0C, mientras que la m\u00e1xima alcanzar\u00eda los 21 \u00b0C.<\/p>\n\n\n\n<p>La temperatura volver\u00eda a subir desde el viernes (25 \u00b0C), el s\u00e1bado (30\u00b0C) y el domingo (33 \u00b0C), d\u00edas que estar\u00e1n marcados por la nubosidad, la humedad y el calor.<\/p>\n\n\n\n<figure class=\"wp-block-image size-large\"><img fetchpriority=\"high\" decoding=\"async\" width=\"768\" height=\"1024\" src=\"https:\/\/periodicodigitaltuc.com\/wp-content\/uploads\/2023\/10\/WhatsApp-Image-2023-10-11-at-15.08.50-1-768x1024.jpeg\" alt=\"\" class=\"wp-image-3625\" srcset=\"https:\/\/www.periodicodigitaltuc.com\/wp-content\/uploads\/2023\/10\/WhatsApp-Image-2023-10-11-at-15.08.50-1-768x1024.jpeg 768w, https:\/\/www.periodicodigitaltuc.com\/wp-content\/uploads\/2023\/10\/WhatsApp-Image-2023-10-11-at-15.08.50-1-225x300.jpeg 225w, https:\/\/www.periodicodigitaltuc.com\/wp-content\/uploads\/2023\/10\/WhatsApp-Image-2023-10-11-at-15.08.50-1.jpeg 780w\" sizes=\"(max-width: 768px) 100vw, 768px\" \/><\/figure>\n","protected":false},"excerpt":{"rendered":"<p>Seg\u00fan el informe del Servicio Meteorol\u00f3gico Nacional, este mi\u00e9rcoles en Tucum\u00e1n se espera un d\u00eda mayormente nublado. Las temperaturas oscilar\u00e1n entre los 15 grados de m\u00ednima y los 27 grados de m\u00e1xima. Hacia media ma\u00f1ana el cielo ya se habr\u00e1 poblado de nubes, mientras que la temperatura promedio ser\u00eda de unos 24 \u00b0C. La m\u00e1xima,<\/p>\n","protected":false},"author":2,"featured_media":3625,"comment_status":"open","ping_status":"open","sticky":false,"template":"","format":"standard","meta":{"om_disable_all_campaigns":false,"_monsterinsights_skip_tracking":false,"_monsterinsights_sitenote_active":false,"_monsterinsights_sitenote_note":"","_monsterinsights_sitenote_category":0,"footnotes":""},"categories":[2],"tags":[],"class_list":["post-3624","post","type-post","status-publish","format-standard","has-post-thumbnail","hentry","category-actualidad"],"_links":{"self":[{"href":"https:\/\/www.periodicodigitaltuc.com\/index.php\/wp-json\/wp\/v2\/posts\/3624","targetHints":{"allow":["GET"]}}],"collection":[{"href":"https:\/\/www.periodicodigitaltuc.com\/index.php\/wp-json\/wp\/v2\/posts"}],"about":[{"href":"https:\/\/www.periodicodigitaltuc.com\/index.php\/wp-json\/wp\/v2\/types\/post"}],"author":[{"embeddable":true,"href":"https:\/\/www.periodicodigitaltuc.com\/index.php\/wp-json\/wp\/v2\/users\/2"}],"replies":[{"embeddable":true,"href":"https:\/\/www.periodicodigitaltuc.com\/index.php\/wp-json\/wp\/v2\/comments?post=3624"}],"version-history":[{"count":1,"href":"https:\/\/www.periodicodigitaltuc.com\/index.php\/wp-json\/wp\/v2\/posts\/3624\/revisions"}],"predecessor-version":[{"id":3626,"href":"https:\/\/www.periodicodigitaltuc.com\/index.php\/wp-json\/wp\/v2\/posts\/3624\/revisions\/3626"}],"wp:featuredmedia":[{"embeddable":true,"href":"https:\/\/www.periodicodigitaltuc.com\/index.php\/wp-json\/wp\/v2\/media\/3625"}],"wp:attachment":[{"href":"https:\/\/www.periodicodigitaltuc.com\/index.php\/wp-json\/wp\/v2\/media?parent=3624"}],"wp:term":[{"taxonomy":"category","embeddable":true,"href":"https:\/\/www.periodicodigitaltuc.com\/index.php\/wp-json\/wp\/v2\/categories?post=3624"},{"taxonomy":"post_tag","embeddable":true,"href":"https:\/\/www.periodicodigitaltuc.com\/index.php\/wp-json\/wp\/v2\/tags?post=3624"}],"curies":[{"name":"wp","href":"https:\/\/api.w.org\/{rel}","templated":true}]}}